{"id":33,"date":"2020-02-26T09:49:00","date_gmt":"2020-02-26T08:49:00","guid":{"rendered":"https:\/\/telekomunikacja.waw.pl\/telekom\/?p=33"},"modified":"2021-03-05T10:37:36","modified_gmt":"2021-03-05T09:37:36","slug":"xliii-ooweie-wiadomosc-z-ostatniej-chwili","status":"publish","type":"post","link":"https:\/\/telekomunikacja.waw.pl\/index.php\/2020\/02\/26\/xliii-ooweie-wiadomosc-z-ostatniej-chwili\/","title":{"rendered":"XLIII OOWEiE \u2013 wiadomo\u015b\u0107 z ostatniej chwili."},"content":{"rendered":"\n<p>Z przyjemno\u015bci\u0105 pragn\u0119 poinformowa\u0107, \u017ce organizatorzy XLIII Og\u00f3lnopolskiej Olimpiady Wiedzy Elektrycznej i Elektronicznej opublikowali ostateczne wyniki etapu pisemnego, z kt\u00f3rych wynika, \u017ce dw\u00f3ch uczni\u00f3w Technikum \u0141\u0105czno\u015bci w Warszawie, w kategorii teleinformatyka awansowa\u0142o do kolejnego etapu, kt\u00f3ry odb\u0119dzie si\u0119 w Zespole Szk\u00f3\u0142 Elektryczno-Elektronicznych w Szczecinie. W ramach tego etapu przeprowadzone zostan\u0105 <strong>zmagania praktyczne i fina\u0142y<\/strong> Olimpiady. Etap ten odb\u0119dzie si\u0119 w <strong>czwartek i pi\u0105tek 26 i 27 marca 2020 r<\/strong>.<\/p>\n\n\n\n<p>Serdecznie gratuluj\u0119 Antoniemu z klasy trzeciej \u2013 technik telekomunikacji oraz Jakubowi z klasy trzeciej \u2013 technik teleinformatyk.<\/p>\n\n\n\n<p>Poni\u017cej \u2013 informacja ze strony olimpiady, dost\u0119pna pod linkiem:<br><a href=\"http:\/\/oowee.agh.edu.pl\/aktualnosci\/wyniki-koncowe-etapu-pisemnego-xliii-oowee\/\" target=\"_blank\" rel=\"noreferrer noopener\">http:\/\/oowee.agh.edu.pl\/aktualnosci\/wyniki-koncowe-etapu-pisemnego-xliii-oowee\/<\/a><\/p>\n\n\n\n<figure class=\"wp-block-image size-large\"><img loading=\"lazy\" decoding=\"async\" width=\"905\" height=\"584\" src=\"https:\/\/telekomunikacja.waw.pl\/telekom\/wp-content\/uploads\/2021\/03\/ooweie1.jpg\" alt=\"\" class=\"wp-image-34\" srcset=\"https:\/\/telekomunikacja.waw.pl\/wp-content\/uploads\/2021\/03\/ooweie1.jpg 905w, https:\/\/telekomunikacja.waw.pl\/wp-content\/uploads\/2021\/03\/ooweie1-300x194.jpg 300w, https:\/\/telekomunikacja.waw.pl\/wp-content\/uploads\/2021\/03\/ooweie1-768x496.jpg 768w\" sizes=\"auto, (max-width: 905px) 100vw, 905px\" \/><\/figure>\n","protected":false},"excerpt":{"rendered":"<p>Z przyjemno\u015bci\u0105 pragn\u0119 poinformowa\u0107, \u017ce organizatorzy XLIII Og\u00f3lnopolskiej Olimpiady Wiedzy Elektrycznej i Elektronicznej opublikowali ostateczne wyniki etapu pisemnego, z kt\u00f3rych wynika, \u017ce dw\u00f3ch uczni\u00f3w Technikum \u0141\u0105czno\u015bci w Warszawie, w kategorii teleinformatyka awansowa\u0142o do kolejnego etapu, kt\u00f3ry odb\u0119dzie si\u0119 w Zespole Szk\u00f3\u0142 Elektryczno-Elektronicznych w Szczecinie. W ramach tego etapu przeprowadzone zostan\u0105 zmagania praktyczne i fina\u0142y Olimpiady.<\/p>\n<div class=\"clearfix\"><\/div>\n<div class=\"pull-left padding-top-25\"><a href=\"https:\/\/telekomunikacja.waw.pl\/index.php\/2020\/02\/26\/xliii-ooweie-wiadomosc-z-ostatniej-chwili\/\" class=\"btn btn-theme\">Continue Reading <span class=\"screen-reader-text\"> &#8222;XLIII OOWEiE \u2013 wiadomo\u015b\u0107 z ostatniej chwili.&#8221;<\/span> <i class=\"fa fa-fw fa-long-arrow-right\"><\/i> <\/a>  <\/div>\n","protected":false},"author":2,"featured_media":0,"comment_status":"closed","ping_status":"closed","sticky":false,"template":"","format":"standard","meta":{"footnotes":""},"categories":[2,4],"tags":[],"class_list":["post-33","post","type-post","status-publish","format-standard","hentry","category-aktualnosci","category-pochwalmy-sie"],"_links":{"self":[{"href":"https:\/\/telekomunikacja.waw.pl\/index.php\/wp-json\/wp\/v2\/posts\/33","targetHints":{"allow":["GET"]}}],"collection":[{"href":"https:\/\/telekomunikacja.waw.pl\/index.php\/wp-json\/wp\/v2\/posts"}],"about":[{"href":"https:\/\/telekomunikacja.waw.pl\/index.php\/wp-json\/wp\/v2\/types\/post"}],"author":[{"embeddable":true,"href":"https:\/\/telekomunikacja.waw.pl\/index.php\/wp-json\/wp\/v2\/users\/2"}],"replies":[{"embeddable":true,"href":"https:\/\/telekomunikacja.waw.pl\/index.php\/wp-json\/wp\/v2\/comments?post=33"}],"version-history":[{"count":1,"href":"https:\/\/telekomunikacja.waw.pl\/index.php\/wp-json\/wp\/v2\/posts\/33\/revisions"}],"predecessor-version":[{"id":35,"href":"https:\/\/telekomunikacja.waw.pl\/index.php\/wp-json\/wp\/v2\/posts\/33\/revisions\/35"}],"wp:attachment":[{"href":"https:\/\/telekomunikacja.waw.pl\/index.php\/wp-json\/wp\/v2\/media?parent=33"}],"wp:term":[{"taxonomy":"category","embeddable":true,"href":"https:\/\/telekomunikacja.waw.pl\/index.php\/wp-json\/wp\/v2\/categories?post=33"},{"taxonomy":"post_tag","embeddable":true,"href":"https:\/\/telekomunikacja.waw.pl\/index.php\/wp-json\/wp\/v2\/tags?post=33"}],"curies":[{"name":"wp","href":"https:\/\/api.w.org\/{rel}","templated":true}]}}